{"id":4833,"date":"2026-02-24T09:14:47","date_gmt":"2026-02-24T09:14:47","guid":{"rendered":"https:\/\/ai.iedu.sk\/?p=4833"},"modified":"2026-03-16T10:38:08","modified_gmt":"2026-03-16T10:38:08","slug":"ai-literacy-becomes-part-primary-education-slovakia","status":"publish","type":"post","link":"https:\/\/ai.iedu.sk\/en\/ai-literacy-becomes-part-primary-education-slovakia\/","title":{"rendered":"AI Literacy Becomes Part of Primary Education in Slovakia"},"content":{"rendered":"[vc_row type=&#8221;in_container&#8221; full_screen_row_position=&#8221;middle&#8221; column_margin=&#8221;default&#8221; column_direction=&#8221;default&#8221; column_direction_tablet=&#8221;default&#8221; column_direction_phone=&#8221;default&#8221; scene_position=&#8221;center&#8221; text_color=&#8221;dark&#8221; text_align=&#8221;left&#8221; row_border_radius=&#8221;none&#8221; row_border_radius_applies=&#8221;bg&#8221; overflow=&#8221;visible&#8221; overlay_strength=&#8221;0.3&#8243; gradient_direction=&#8221;left_to_right&#8221; shape_divider_position=&#8221;bottom&#8221; bg_image_animation=&#8221;none&#8221;][vc_column column_padding=&#8221;no-extra-padding&#8221; column_padding_tablet=&#8221;inherit&#8221; column_padding_phone=&#8221;inherit&#8221; column_padding_position=&#8221;all&#8221; column_element_direction_desktop=&#8221;default&#8221; column_element_spacing=&#8221;default&#8221; desktop_text_alignment=&#8221;default&#8221; tablet_text_alignment=&#8221;default&#8221; phone_text_alignment=&#8221;default&#8221; background_color_opacity=&#8221;1&#8243; background_hover_color_opacity=&#8221;1&#8243; column_backdrop_filter=&#8221;none&#8221; column_shadow=&#8221;none&#8221; column_border_radius=&#8221;none&#8221; column_link_target=&#8221;_self&#8221; column_position=&#8221;default&#8221; gradient_direction=&#8221;left_to_right&#8221; overlay_strength=&#8221;0.3&#8243; width=&#8221;1\/6&#8243; tablet_width_inherit=&#8221;default&#8221; animation_type=&#8221;default&#8221; bg_image_animation=&#8221;none&#8221; border_type=&#8221;simple&#8221; column_border_width=&#8221;none&#8221; column_border_style=&#8221;solid&#8221;][\/vc_column][vc_column column_padding=&#8221;no-extra-padding&#8221; column_padding_tablet=&#8221;inherit&#8221; column_padding_phone=&#8221;inherit&#8221; column_padding_position=&#8221;all&#8221; column_element_direction_desktop=&#8221;default&#8221; column_element_spacing=&#8221;default&#8221; desktop_text_alignment=&#8221;default&#8221; tablet_text_alignment=&#8221;default&#8221; phone_text_alignment=&#8221;default&#8221; background_color_opacity=&#8221;1&#8243; background_hover_color_opacity=&#8221;1&#8243; column_backdrop_filter=&#8221;none&#8221; column_shadow=&#8221;none&#8221; column_border_radius=&#8221;none&#8221; column_link_target=&#8221;_self&#8221; column_position=&#8221;default&#8221; gradient_direction=&#8221;left_to_right&#8221; overlay_strength=&#8221;0.3&#8243; width=&#8221;2\/3&#8243; tablet_width_inherit=&#8221;default&#8221; animation_type=&#8221;default&#8221; bg_image_animation=&#8221;none&#8221; border_type=&#8221;simple&#8221; column_border_width=&#8221;none&#8221; column_border_style=&#8221;solid&#8221;][image_with_animation image_url=&#8221;4253&#8243; image_size=&#8221;full&#8221; max_width=&#8221;100%&#8221; max_width_mobile=&#8221;default&#8221; animation_type=&#8221;entrance&#8221; animation=&#8221;None&#8221; animation_movement_type=&#8221;transform_y&#8221; hover_animation=&#8221;none&#8221; alignment=&#8221;&#8221; border_radius=&#8221;none&#8221; box_shadow=&#8221;none&#8221; image_loading=&#8221;default&#8221; margin_bottom=&#8221;30&#8243;][vc_column_text css=&#8221;&#8221; text_direction=&#8221;default&#8221;]\n<p data-start=\"0\" data-end=\"351\"><span style=\"color: #000000;\"><strong>From March 2026, artificial intelligence becomes part of primary education in Slovakia. The Ministry of Education is expanding the national curriculum to include AI literacy so that students better understand the technologies shaping everyday life and the future labor market.<\/strong><\/span><\/p>\n<p data-start=\"526\" data-end=\"812\"><span style=\"color: #000000;\">The Ministry of Education, Research, Development and Youth of the Slovak Republic has approved amendments to the National Curriculum for Primary Education. The changes take effect in March 2026, and schools will begin integrating AI literacy into teaching from the next school year.<\/span><\/p>\n<p data-start=\"814\" data-end=\"934\"><span style=\"color: #000000;\">This step represents an important milestone in the <a href=\"https:\/\/ai.iedu.sk\/wp-content\/uploads\/2026\/03\/AI_integration_Slovakia-web.pdf\">Plan<\/a> for Responsible Use of Artificial Intelligence in Education.<\/span><\/p>\n<p data-start=\"936\" data-end=\"1252\"><span style=\"color: #000000;\">Artificial intelligence already influences the daily lives of children and young people. Students use AI when searching for information, creating texts, translating content and interacting with personalized online services. Therefore, schools must respond to rapid technological progress and evolving social demands.<\/span><\/p>\n<p data-start=\"1254\" data-end=\"1480\"><span style=\"color: #000000;\">The goal is not only to teach students how to use AI tools. Instead, schools will help them understand how artificial intelligence works, recognize its limits, critically evaluate its outputs and use it safely and responsibly.<\/span><\/p>\n<h3 data-start=\"1254\" data-end=\"1480\"><span style=\"color: #000000;\">AI literacy as long-term competency<\/span><\/h3>\n<p data-start=\"1482\" data-end=\"1675\"><span style=\"color: #000000;\">The new curriculum focuses on long-term competencies rather than specific tools, which change quickly. As a result, students will develop stable skills needed for life in a digital society.<\/span><\/p>\n<p data-start=\"1677\" data-end=\"1910\"><span style=\"color: #000000;\">By the end of primary school, students should be able to distinguish between human and artificial intelligence, use AI effectively for learning, maintain critical thinking and develop a <a href=\"https:\/\/ai.iedu.sk\/en\/ministry-of-education-introduces-guidelines-ai-mental-health\/\">healthy relationship<\/a> with digital technologies.<\/span><\/p>\n<p data-start=\"1912\" data-end=\"2195\"><span style=\"color: #000000;\">AI will also function as a cross-curricular topic. Teachers will connect it with languages, social sciences, natural sciences and the arts. This approach will help students understand AI not only as a technological tool but also as a social, ethical and environmental phenomenon.<\/span><\/p>\n[\/vc_column_text][divider line_type=&#8221;No Line&#8221;][vc_row_inner equal_height=&#8221;yes&#8221; content_placement=&#8221;top&#8221; column_margin=&#8221;default&#8221; column_direction=&#8221;default&#8221; column_direction_tablet=&#8221;default&#8221; column_direction_phone=&#8221;default&#8221; text_align=&#8221;left&#8221; row_position=&#8221;default&#8221; row_position_tablet=&#8221;inherit&#8221; row_position_phone=&#8221;inherit&#8221; overflow=&#8221;visible&#8221; pointer_events=&#8221;all&#8221;][vc_column_inner column_padding=&#8221;padding-5-percent&#8221; column_padding_tablet=&#8221;inherit&#8221; column_padding_phone=&#8221;inherit&#8221; column_padding_position=&#8221;all&#8221; column_element_direction_desktop=&#8221;default&#8221; column_element_spacing=&#8221;default&#8221; desktop_text_alignment=&#8221;default&#8221; tablet_text_alignment=&#8221;default&#8221; phone_text_alignment=&#8221;default&#8221; background_color=&#8221;#E6DCFF&#8221; background_color_opacity=&#8221;1&#8243; background_hover_color_opacity=&#8221;1&#8243; column_backdrop_filter=&#8221;none&#8221; column_shadow=&#8221;none&#8221; column_border_radius=&#8221;20px&#8221; column_link_target=&#8221;_self&#8221; overflow=&#8221;visible&#8221; gradient_direction=&#8221;left_to_right&#8221; overlay_strength=&#8221;0.3&#8243; width=&#8221;1\/1&#8243; tablet_width_inherit=&#8221;default&#8221; animation_type=&#8221;default&#8221; enable_animation=&#8221;true&#8221; animation=&#8221;slight-fade-in-from-bottom&#8221; mobile_disable_entrance_animation=&#8221;true&#8221; animation_easing=&#8221;default&#8221; bg_image_animation=&#8221;none&#8221; border_type=&#8221;simple&#8221; column_border_width=&#8221;none&#8221; column_border_color=&#8221;#E6DCFF&#8221; column_border_style=&#8221;solid&#8221; column_padding_type=&#8221;default&#8221; gradient_type=&#8221;default&#8221;][vc_column_text css=&#8221;&#8221; text_direction=&#8221;default&#8221;]\n<h3 data-section-id=\"65utqu\" data-start=\"2197\" data-end=\"2237\">AI literacy as a new core competency<\/h3>\n<p data-start=\"2239\" data-end=\"2298\"><span style=\"color: #000000;\">The new AI literacy framework includes five key components:<\/span><\/p>\n<ul>\n<li data-start=\"2302\" data-end=\"2364\"><span style=\"color: #000000;\">understanding the principles of artificial intelligence,<\/span><\/li>\n<li data-start=\"2367\" data-end=\"2408\"><span style=\"color: #000000;\">creating and collaborating with AI,<\/span><\/li>\n<li data-start=\"2411\" data-end=\"2435\"><span style=\"color: #000000;\">critical thinking,<\/span><\/li>\n<li data-start=\"2438\" data-end=\"2470\"><span style=\"color: #000000;\">responsibility and safety,<\/span><\/li>\n<li data-start=\"2473\" data-end=\"2506\"><span style=\"color: #000000;\">identity and digital balance.<\/span><\/li>\n<\/ul>\n<p data-start=\"2508\" data-end=\"2635\"><span style=\"color: #000000;\">AI literacy will develop gradually until the 9th grade, with clearly defined learning outcomes for each stage of education.<\/span><\/p>\n[\/vc_column_text][\/vc_column_inner][\/vc_row_inner][divider line_type=&#8221;No Line&#8221;][vc_column_text css=&#8221;&#8221; text_direction=&#8221;default&#8221;]\n<h3 data-section-id=\"mx0vdo\" data-start=\"2637\" data-end=\"2665\"><span style=\"color: #000000;\">What students will learn<\/span><\/h3>\n<p data-start=\"2667\" data-end=\"2682\"><span style=\"color: #000000;\"><strong data-start=\"2667\" data-end=\"2682\">First cycle<\/strong><\/span><\/p>\n<p data-start=\"2684\" data-end=\"3026\"><span style=\"color: #000000;\">All students will learn to recognize technologies that use artificial intelligence in everyday life. They will understand that machines learn from data and will create simple prompts for AI tools under teacher guidance. At the same time, schools will emphasize that AI does not possess human qualities and cannot replace real human relationships.<\/span><\/p>\n<p data-start=\"3028\" data-end=\"3044\"><span style=\"color: #000000;\"><strong data-start=\"3028\" data-end=\"3044\">Second cycle<\/strong><\/span><\/p>\n<p data-start=\"3046\" data-end=\"3376\"><span style=\"color: #000000;\">Students will learn that the quality of data influences the quality of AI outputs. With teacher support, they will use generative AI as a learning assistant. They will practice verifying information across multiple sources and reflect on ethical and social impacts of technology. Schools will also address healthy digital balance.<\/span><\/p>\n<p data-start=\"3378\" data-end=\"3393\"><span style=\"color: #000000;\"><strong data-start=\"3378\" data-end=\"3393\">Third cycle<\/strong><\/span><\/p>\n<p data-start=\"3395\" data-end=\"3694\"><span style=\"color: #000000;\">Students will deepen their understanding of large language models, AI assistants and AI agents. They will learn to choose appropriate AI tools for specific tasks, critically evaluate outputs, recognize manipulation and misinformation and transparently acknowledge when they use AI in their work.<\/span><\/p>\n<p data-start=\"3696\" data-end=\"3820\"><span style=\"color: #000000;\">Teachers will also emphasize privacy protection and the broader social and environmental impacts of artificial intelligence.<\/span><\/p>\n<h3 data-section-id=\"z8s8jl\" data-start=\"3822\" data-end=\"3858\"><span style=\"color: #000000;\">Support for teachers and schools<\/span><\/h3>\n<p data-start=\"3860\" data-end=\"4119\"><span style=\"color: #000000;\">The Ministry of Education has already published initial teaching materials and is preparing a national framework of AI competencies for teachers. At the same time, the ministry will provide systematic training for educators and other school professionals.<\/span><\/p>\n<p data-start=\"4121\" data-end=\"4337\"><span style=\"color: #000000;\">By introducing AI literacy into the national curriculum, Slovakia joins countries that actively follow the recommendations of UNESCO, OECD and the European Union in the field of artificial intelligence education.<\/span><\/p>\n<p data-start=\"4339\" data-end=\"4439\" data-is-last-node=\"\" data-is-only-node=\"\"><span style=\"color: #000000;\">By the end of 2026, the ministry also plans to expand AI topics into secondary school curricula.<\/span><\/p>\n[\/vc_column_text][\/vc_column][vc_column column_padding=&#8221;no-extra-padding&#8221; column_padding_tablet=&#8221;inherit&#8221; column_padding_phone=&#8221;inherit&#8221; column_padding_position=&#8221;all&#8221; column_element_direction_desktop=&#8221;default&#8221; column_element_spacing=&#8221;default&#8221; desktop_text_alignment=&#8221;default&#8221; tablet_text_alignment=&#8221;default&#8221; phone_text_alignment=&#8221;default&#8221; background_color_opacity=&#8221;1&#8243; background_hover_color_opacity=&#8221;1&#8243; column_backdrop_filter=&#8221;none&#8221; column_shadow=&#8221;none&#8221; column_border_radius=&#8221;none&#8221; column_link_target=&#8221;_self&#8221; column_position=&#8221;default&#8221; gradient_direction=&#8221;left_to_right&#8221; overlay_strength=&#8221;0.3&#8243; width=&#8221;1\/6&#8243; tablet_width_inherit=&#8221;default&#8221; animation_type=&#8221;default&#8221; bg_image_animation=&#8221;none&#8221; border_type=&#8221;simple&#8221; column_border_width=&#8221;none&#8221; column_border_style=&#8221;solid&#8221;][\/vc_column][\/vc_row][vc_row type=&#8221;full_width_background&#8221; full_screen_row_position=&#8221;middle&#8221; column_margin=&#8221;default&#8221; column_direction=&#8221;default&#8221; column_direction_tablet=&#8221;default&#8221; column_direction_phone=&#8221;default&#8221; bg_color=&#8221;#FFFFFF&#8221; scene_position=&#8221;center&#8221; top_padding=&#8221;50&#8243; bottom_padding=&#8221;80&#8243; text_color=&#8221;light&#8221; text_align=&#8221;left&#8221; row_border_radius=&#8221;none&#8221; row_border_radius_applies=&#8221;bg&#8221; overflow=&#8221;visible&#8221; overlay_strength=&#8221;0.5&#8243; gradient_direction=&#8221;left_to_right&#8221; shape_divider_position=&#8221;bottom&#8221; bg_image_animation=&#8221;none&#8221; gradient_type=&#8221;default&#8221; shape_type=&#8221;&#8221;][vc_column column_padding=&#8221;no-extra-padding&#8221; column_padding_tablet=&#8221;inherit&#8221; column_padding_phone=&#8221;inherit&#8221; column_padding_position=&#8221;all&#8221; column_element_direction_desktop=&#8221;default&#8221; column_element_spacing=&#8221;default&#8221; desktop_text_alignment=&#8221;default&#8221; tablet_text_alignment=&#8221;default&#8221; phone_text_alignment=&#8221;default&#8221; background_color_opacity=&#8221;1&#8243; background_hover_color_opacity=&#8221;1&#8243; column_backdrop_filter=&#8221;none&#8221; font_color=&#8221;#5917FF&#8221; column_shadow=&#8221;none&#8221; column_border_radius=&#8221;none&#8221; column_link_target=&#8221;_self&#8221; column_position=&#8221;default&#8221; gradient_direction=&#8221;left_to_right&#8221; overlay_strength=&#8221;0.3&#8243; width=&#8221;1\/1&#8243; tablet_width_inherit=&#8221;default&#8221; animation_type=&#8221;default&#8221; bg_image_animation=&#8221;none&#8221; border_type=&#8221;simple&#8221; column_border_width=&#8221;none&#8221; column_border_style=&#8221;solid&#8221; column_padding_type=&#8221;default&#8221; gradient_type=&#8221;default&#8221;][vc_row_inner column_margin=&#8221;default&#8221; column_direction=&#8221;default&#8221; column_direction_tablet=&#8221;default&#8221; column_direction_phone=&#8221;default&#8221; text_align=&#8221;left&#8221; row_position=&#8221;default&#8221; row_position_tablet=&#8221;inherit&#8221; row_position_phone=&#8221;inherit&#8221; overflow=&#8221;visible&#8221; pointer_events=&#8221;all&#8221;][vc_column_inner column_padding=&#8221;no-extra-padding&#8221; column_padding_tablet=&#8221;inherit&#8221; column_padding_phone=&#8221;inherit&#8221; column_padding_position=&#8221;all&#8221; column_element_direction_desktop=&#8221;default&#8221; column_element_spacing=&#8221;default&#8221; desktop_text_alignment=&#8221;default&#8221; tablet_text_alignment=&#8221;default&#8221; phone_text_alignment=&#8221;default&#8221; background_color_opacity=&#8221;1&#8243; background_hover_color_opacity=&#8221;1&#8243; column_backdrop_filter=&#8221;none&#8221; column_shadow=&#8221;none&#8221; column_border_radius=&#8221;none&#8221; column_link_target=&#8221;_self&#8221; overflow=&#8221;visible&#8221; gradient_direction=&#8221;left_to_right&#8221; overlay_strength=&#8221;0.3&#8243; width=&#8221;1\/1&#8243; tablet_width_inherit=&#8221;default&#8221; animation_type=&#8221;default&#8221; bg_image_animation=&#8221;none&#8221; border_type=&#8221;simple&#8221; column_border_width=&#8221;none&#8221; column_border_style=&#8221;solid&#8221;][vc_custom_heading text=&#8221;News&#8221; font_container=&#8221;tag:h2|text_align:center&#8221; use_theme_fonts=&#8221;yes&#8221; css_animation=&#8221;none&#8221; css=&#8221;&#8221;][\/vc_column_inner][\/vc_row_inner][vc_row_inner column_margin=&#8221;default&#8221; column_direction=&#8221;default&#8221; column_direction_tablet=&#8221;default&#8221; column_direction_phone=&#8221;default&#8221; text_align=&#8221;left&#8221; row_position=&#8221;default&#8221; row_position_tablet=&#8221;inherit&#8221; row_position_phone=&#8221;inherit&#8221; overflow=&#8221;visible&#8221; pointer_events=&#8221;all&#8221;][vc_column_inner column_padding=&#8221;no-extra-padding&#8221; column_padding_tablet=&#8221;inherit&#8221; column_padding_phone=&#8221;inherit&#8221; column_padding_position=&#8221;all&#8221; column_element_direction_desktop=&#8221;default&#8221; column_element_spacing=&#8221;default&#8221; desktop_text_alignment=&#8221;default&#8221; tablet_text_alignment=&#8221;default&#8221; phone_text_alignment=&#8221;default&#8221; background_color_opacity=&#8221;1&#8243; background_hover_color_opacity=&#8221;1&#8243; column_backdrop_filter=&#8221;none&#8221; column_shadow=&#8221;none&#8221; column_border_radius=&#8221;none&#8221; column_link_target=&#8221;_self&#8221; overflow=&#8221;visible&#8221; gradient_direction=&#8221;left_to_right&#8221; overlay_strength=&#8221;0.3&#8243; width=&#8221;1\/1&#8243; tablet_width_inherit=&#8221;default&#8221; animation_type=&#8221;default&#8221; bg_image_animation=&#8221;none&#8221; border_type=&#8221;simple&#8221; column_border_width=&#8221;none&#8221; column_border_style=&#8221;solid&#8221;][nectar_post_grid post_type=&#8221;post&#8221; blog_category=&#8221;&#8221; blog_starting_category=&#8221;all&#8221; order=&#8221;DESC&#8221; orderby=&#8221;date&#8221; pagination=&#8221;none&#8221; exclude_current_post=&#8221;yes&#8221; columns=&#8221;3&#8243; columns_tablet=&#8221;default&#8221; columns_phone=&#8221;default&#8221; grid_item_spacing=&#8221;15px&#8221; grid_item_height=&#8221;50vh&#8221; 3_col_masonry_layout=&#8221;default&#8221; image_size=&#8221;large&#8221; aspect_ratio_image_size=&#8221;yes&#8221; custom_image_aspect_ratio=&#8221;default&#8221; image_loading=&#8221;lazy-load&#8221; animation=&#8221;none&#8221; animation_stagger=&#8221;90&#8243; animation_easing=&#8221;default&#8221; heading_tag=&#8221;default&#8221; heading_tag_render=&#8221;default&#8221; font_size_max=&#8221;24px&#8221; category_position=&#8221;overlaid&#8221; additional_meta_size=&#8221;default&#8221; custom_fields_location=&#8221;before_post_meta&#8221; grid_style=&#8221;content_under_image&#8221; content_under_image_text_align=&#8221;left&#8221; text_color=&#8221;dark&#8221; hover_effect=&#8221;animated_underline_zoom&#8221; border_radius=&#8221;10px&#8221; custom_font_size=&#8221;1.8vw&#8221; posts_per_page=&#8221;3&#8243; display_type=&#8221;grid&#8221;][\/vc_column_inner][\/vc_row_inner][vc_row_inner equal_height=&#8221;yes&#8221; content_placement=&#8221;bottom&#8221; column_margin=&#8221;default&#8221; column_direction=&#8221;default&#8221; column_direction_tablet=&#8221;default&#8221; column_direction_phone=&#8221;default&#8221; bottom_padding=&#8221;1%&#8221; text_align=&#8221;left&#8221; row_position=&#8221;default&#8221; row_position_tablet=&#8221;inherit&#8221; row_position_phone=&#8221;inherit&#8221; overflow=&#8221;visible&#8221; pointer_events=&#8221;all&#8221;][vc_column_inner right_padding_desktop=&#8221;24%&#8221; right_padding_phone=&#8221;5%&#8221; column_element_direction_desktop=&#8221;default&#8221; column_element_spacing=&#8221;5px&#8221; desktop_text_alignment=&#8221;default&#8221; tablet_text_alignment=&#8221;default&#8221; phone_text_alignment=&#8221;default&#8221; background_color_opacity=&#8221;1&#8243; background_hover_color_opacity=&#8221;1&#8243; column_backdrop_filter=&#8221;none&#8221; column_shadow=&#8221;none&#8221; column_border_radius=&#8221;none&#8221; column_link_target=&#8221;_self&#8221; overflow=&#8221;visible&#8221; gradient_direction=&#8221;left_to_right&#8221; overlay_strength=&#8221;0.3&#8243; width=&#8221;1\/2&#8243; tablet_width_inherit=&#8221;default&#8221; animation_type=&#8221;default&#8221; bg_image_animation=&#8221;none&#8221; border_type=&#8221;simple&#8221; column_border_width=&#8221;none&#8221; column_border_style=&#8221;solid&#8221; column_padding_type=&#8221;advanced&#8221; gradient_type=&#8221;default&#8221; offset=&#8221;vc_col-xs-8&#8243;][\/vc_column_inner][vc_column_inner column_padding=&#8221;no-extra-padding&#8221; column_padding_tablet=&#8221;inherit&#8221; column_padding_phone=&#8221;inherit&#8221; column_padding_position=&#8221;all&#8221; column_element_direction_desktop=&#8221;default&#8221; column_element_spacing=&#8221;default&#8221; desktop_text_alignment=&#8221;default&#8221; tablet_text_alignment=&#8221;default&#8221; phone_text_alignment=&#8221;default&#8221; background_color_opacity=&#8221;1&#8243; background_hover_color_opacity=&#8221;1&#8243; column_backdrop_filter=&#8221;none&#8221; column_shadow=&#8221;none&#8221; column_border_radius=&#8221;none&#8221; column_link_target=&#8221;_self&#8221; overflow=&#8221;visible&#8221; gradient_direction=&#8221;left_to_right&#8221; overlay_strength=&#8221;0.3&#8243; width=&#8221;1\/2&#8243; tablet_width_inherit=&#8221;default&#8221; animation_type=&#8221;default&#8221; bg_image_animation=&#8221;none&#8221; border_type=&#8221;simple&#8221; column_border_width=&#8221;none&#8221; column_border_style=&#8221;solid&#8221; column_padding_type=&#8221;default&#8221; gradient_type=&#8221;default&#8221; offset=&#8221;vc_col-xs-4&#8243;][nectar_cta btn_style=&#8221;curved-arrow-animation&#8221; heading_tag=&#8221;p&#8221; button_color=&#8221;default&#8221; button_border_thickness=&#8221;0px&#8221; link_type=&#8221;regular&#8221; alignment=&#8221;right&#8221; alignment_tablet=&#8221;default&#8221; alignment_phone=&#8221;default&#8221; display=&#8221;block&#8221; display_tablet=&#8221;inherit&#8221; display_phone=&#8221;inherit&#8221; link_text=&#8221;All News&#8221; url=&#8221;https:\/\/ai.iedu.sk\/en\/news\/&#8221;][\/vc_column_inner][\/vc_row_inner][\/vc_column][\/vc_row]\n","protected":false},"excerpt":{"rendered":"<p>[vc_row type=&#8221;in_container&#8221; full_screen_row_position=&#8221;middle&#8221; column_margin=&#8221;default&#8221; column_direction=&#8221;default&#8221; column_direction_tablet=&#8221;default&#8221; column_direction_phone=&#8221;default&#8221; scene_position=&#8221;center&#8221; text_color=&#8221;dark&#8221; text_align=&#8221;left&#8221; row_border_radius=&#8221;none&#8221; row_border_radius_applies=&#8221;bg&#8221; overflow=&#8221;visible&#8221; overlay_strength=&#8221;0.3&#8243; gradient_direction=&#8221;left_to_right&#8221; shape_divider_position=&#8221;bottom&#8221; bg_image_animation=&#8221;none&#8221;][vc_column column_padding=&#8221;no-extra-padding&#8221; column_padding_tablet=&#8221;inherit&#8221; column_padding_phone=&#8221;inherit&#8221; column_padding_position=&#8221;all&#8221; column_element_direction_desktop=&#8221;default&#8221; column_element_spacing=&#8221;default&#8221; desktop_text_alignment=&#8221;default&#8221; tablet_text_alignment=&#8221;default&#8221; phone_text_alignment=&#8221;default&#8221; background_color_opacity=&#8221;1&#8243; background_hover_color_opacity=&#8221;1&#8243; column_backdrop_filter=&#8221;none&#8221; column_shadow=&#8221;none&#8221;&#8230;<\/p>\n","protected":false},"author":2,"featured_media":4253,"comment_status":"closed","ping_status":"closed","sticky":false,"template":"","format":"standard","meta":{"inline_featured_image":false,"footnotes":""},"categories":[43,38],"tags":[],"class_list":{"0":"post-4833","1":"post","2":"type-post","3":"status-publish","4":"format-standard","5":"has-post-thumbnail","7":"category-learning-about-ai","8":"category-news"},"yoast_head":"<!-- This site is optimized with the Yoast SEO plugin v27.5 - https:\/\/yoast.com\/product\/yoast-seo-wordpress\/ -->\n<title>AI in Education in Slovakia \u2013 AI Literacy in Primary Education<\/title>\n<meta name=\"description\" content=\"The Ministry of Education is expanding the national curriculum to include AI literacy In the primary education.\" \/>\n<meta name=\"robots\" content=\"index, follow, max-snippet:-1, max-image-preview:large, max-video-preview:-1\" \/>\n<link rel=\"canonical\" href=\"https:\/\/ai.iedu.sk\/en\/ai-literacy-becomes-part-primary-education-slovakia\/\" \/>\n<meta property=\"og:locale\" content=\"en_US\" \/>\n<meta property=\"og:type\" content=\"article\" \/>\n<meta property=\"og:title\" content=\"AI in Education in Slovakia \u2013 AI Literacy in Primary Education\" \/>\n<meta property=\"og:description\" content=\"The Ministry of Education is expanding the national curriculum to include AI literacy In the primary education.\" \/>\n<meta property=\"og:url\" content=\"https:\/\/ai.iedu.sk\/en\/ai-literacy-becomes-part-primary-education-slovakia\/\" \/>\n<meta property=\"og:site_name\" content=\"AI IEDU\" \/>\n<meta property=\"article:published_time\" content=\"2026-02-24T09:14:47+00:00\" \/>\n<meta property=\"article:modified_time\" content=\"2026-03-16T10:38:08+00:00\" \/>\n<meta property=\"og:image\" content=\"https:\/\/ai.iedu.sk\/wp-content\/uploads\/2026\/02\/AIkurikulumtitulna.png\" \/>\n\t<meta property=\"og:image:width\" content=\"1267\" \/>\n\t<meta property=\"og:image:height\" content=\"718\" \/>\n\t<meta property=\"og:image:type\" content=\"image\/png\" \/>\n<meta name=\"author\" content=\"Radoslav Bato\" \/>\n<meta name=\"twitter:card\" content=\"summary_large_image\" \/>\n<meta name=\"twitter:label1\" content=\"Written by\" \/>\n\t<meta name=\"twitter:data1\" content=\"Radoslav Bato\" \/>\n\t<meta name=\"twitter:label2\" content=\"Est. reading time\" \/>\n\t<meta name=\"twitter:data2\" content=\"4 minutes\" \/>\n<script type=\"application\/ld+json\" class=\"yoast-schema-graph\">{\"@context\":\"https:\\\/\\\/schema.org\",\"@graph\":[{\"@type\":\"Article\",\"@id\":\"https:\\\/\\\/ai.iedu.sk\\\/en\\\/ai-literacy-becomes-part-primary-education-slovakia\\\/#article\",\"isPartOf\":{\"@id\":\"https:\\\/\\\/ai.iedu.sk\\\/en\\\/ai-literacy-becomes-part-primary-education-slovakia\\\/\"},\"author\":{\"name\":\"Radoslav Bato\",\"@id\":\"https:\\\/\\\/ai.iedu.sk\\\/#\\\/schema\\\/person\\\/1531e20ad06be949ccd3292d773ca3d2\"},\"headline\":\"AI Literacy Becomes Part of Primary Education in Slovakia\",\"datePublished\":\"2026-02-24T09:14:47+00:00\",\"dateModified\":\"2026-03-16T10:38:08+00:00\",\"mainEntityOfPage\":{\"@id\":\"https:\\\/\\\/ai.iedu.sk\\\/en\\\/ai-literacy-becomes-part-primary-education-slovakia\\\/\"},\"wordCount\":2088,\"image\":{\"@id\":\"https:\\\/\\\/ai.iedu.sk\\\/en\\\/ai-literacy-becomes-part-primary-education-slovakia\\\/#primaryimage\"},\"thumbnailUrl\":\"https:\\\/\\\/ai.iedu.sk\\\/wp-content\\\/uploads\\\/2026\\\/02\\\/AIkurikulumtitulna.png\",\"articleSection\":[\"Learning about AI\",\"News\"],\"inLanguage\":\"en-US\"},{\"@type\":\"WebPage\",\"@id\":\"https:\\\/\\\/ai.iedu.sk\\\/en\\\/ai-literacy-becomes-part-primary-education-slovakia\\\/\",\"url\":\"https:\\\/\\\/ai.iedu.sk\\\/en\\\/ai-literacy-becomes-part-primary-education-slovakia\\\/\",\"name\":\"AI in Education in Slovakia \u2013 AI Literacy in Primary Education\",\"isPartOf\":{\"@id\":\"https:\\\/\\\/ai.iedu.sk\\\/#website\"},\"primaryImageOfPage\":{\"@id\":\"https:\\\/\\\/ai.iedu.sk\\\/en\\\/ai-literacy-becomes-part-primary-education-slovakia\\\/#primaryimage\"},\"image\":{\"@id\":\"https:\\\/\\\/ai.iedu.sk\\\/en\\\/ai-literacy-becomes-part-primary-education-slovakia\\\/#primaryimage\"},\"thumbnailUrl\":\"https:\\\/\\\/ai.iedu.sk\\\/wp-content\\\/uploads\\\/2026\\\/02\\\/AIkurikulumtitulna.png\",\"datePublished\":\"2026-02-24T09:14:47+00:00\",\"dateModified\":\"2026-03-16T10:38:08+00:00\",\"author\":{\"@id\":\"https:\\\/\\\/ai.iedu.sk\\\/#\\\/schema\\\/person\\\/1531e20ad06be949ccd3292d773ca3d2\"},\"description\":\"The Ministry of Education is expanding the national curriculum to include AI literacy In the primary education.\",\"breadcrumb\":{\"@id\":\"https:\\\/\\\/ai.iedu.sk\\\/en\\\/ai-literacy-becomes-part-primary-education-slovakia\\\/#breadcrumb\"},\"inLanguage\":\"en-US\",\"potentialAction\":[{\"@type\":\"ReadAction\",\"target\":[\"https:\\\/\\\/ai.iedu.sk\\\/en\\\/ai-literacy-becomes-part-primary-education-slovakia\\\/\"]}]},{\"@type\":\"ImageObject\",\"inLanguage\":\"en-US\",\"@id\":\"https:\\\/\\\/ai.iedu.sk\\\/en\\\/ai-literacy-becomes-part-primary-education-slovakia\\\/#primaryimage\",\"url\":\"https:\\\/\\\/ai.iedu.sk\\\/wp-content\\\/uploads\\\/2026\\\/02\\\/AIkurikulumtitulna.png\",\"contentUrl\":\"https:\\\/\\\/ai.iedu.sk\\\/wp-content\\\/uploads\\\/2026\\\/02\\\/AIkurikulumtitulna.png\",\"width\":1267,\"height\":718,\"caption\":\"Od marca 2026 sa umel\u00e1 inteligencia st\u00e1va s\u00fa\u010das\u0165ou z\u00e1kladn\u00e9ho vzdel\u00e1vania na Slovensku.\"},{\"@type\":\"BreadcrumbList\",\"@id\":\"https:\\\/\\\/ai.iedu.sk\\\/en\\\/ai-literacy-becomes-part-primary-education-slovakia\\\/#breadcrumb\",\"itemListElement\":[{\"@type\":\"ListItem\",\"position\":1,\"name\":\"Domovsk\u00e1 str\u00e1nka\",\"item\":\"https:\\\/\\\/ai.iedu.sk\\\/en\\\/\"},{\"@type\":\"ListItem\",\"position\":2,\"name\":\"AI Literacy Becomes Part of Primary Education in Slovakia\"}]},{\"@type\":\"WebSite\",\"@id\":\"https:\\\/\\\/ai.iedu.sk\\\/#website\",\"url\":\"https:\\\/\\\/ai.iedu.sk\\\/\",\"name\":\"AI IEDU\",\"description\":\"Umel\u00e1 inteligencia vo vzdel\u00e1van\u00ed\",\"potentialAction\":[{\"@type\":\"SearchAction\",\"target\":{\"@type\":\"EntryPoint\",\"urlTemplate\":\"https:\\\/\\\/ai.iedu.sk\\\/?s={search_term_string}\"},\"query-input\":{\"@type\":\"PropertyValueSpecification\",\"valueRequired\":true,\"valueName\":\"search_term_string\"}}],\"inLanguage\":\"en-US\"},{\"@type\":\"Person\",\"@id\":\"https:\\\/\\\/ai.iedu.sk\\\/#\\\/schema\\\/person\\\/1531e20ad06be949ccd3292d773ca3d2\",\"name\":\"Radoslav Bato\",\"image\":{\"@type\":\"ImageObject\",\"inLanguage\":\"en-US\",\"@id\":\"https:\\\/\\\/secure.gravatar.com\\\/avatar\\\/356307cbe7232157937e6919a836f3d3de19e3b4a3edc3948260ce1fa9b958a0?s=96&d=mm&r=g\",\"url\":\"https:\\\/\\\/secure.gravatar.com\\\/avatar\\\/356307cbe7232157937e6919a836f3d3de19e3b4a3edc3948260ce1fa9b958a0?s=96&d=mm&r=g\",\"contentUrl\":\"https:\\\/\\\/secure.gravatar.com\\\/avatar\\\/356307cbe7232157937e6919a836f3d3de19e3b4a3edc3948260ce1fa9b958a0?s=96&d=mm&r=g\",\"caption\":\"Radoslav Bato\"},\"sameAs\":[\"http:\\\/\\\/minedu.sk\"],\"url\":\"https:\\\/\\\/ai.iedu.sk\\\/en\\\/author\\\/radoslav-bato\\\/\"}]}<\/script>\n<!-- \/ Yoast SEO plugin. -->","yoast_head_json":{"title":"AI in Education in Slovakia \u2013 AI Literacy in Primary Education","description":"The Ministry of Education is expanding the national curriculum to include AI literacy In the primary education.","robots":{"index":"index","follow":"follow","max-snippet":"max-snippet:-1","max-image-preview":"max-image-preview:large","max-video-preview":"max-video-preview:-1"},"canonical":"https:\/\/ai.iedu.sk\/en\/ai-literacy-becomes-part-primary-education-slovakia\/","og_locale":"en_US","og_type":"article","og_title":"AI in Education in Slovakia \u2013 AI Literacy in Primary Education","og_description":"The Ministry of Education is expanding the national curriculum to include AI literacy In the primary education.","og_url":"https:\/\/ai.iedu.sk\/en\/ai-literacy-becomes-part-primary-education-slovakia\/","og_site_name":"AI IEDU","article_published_time":"2026-02-24T09:14:47+00:00","article_modified_time":"2026-03-16T10:38:08+00:00","og_image":[{"width":1267,"height":718,"url":"https:\/\/ai.iedu.sk\/wp-content\/uploads\/2026\/02\/AIkurikulumtitulna.png","type":"image\/png"}],"author":"Radoslav Bato","twitter_card":"summary_large_image","twitter_misc":{"Written by":"Radoslav Bato","Est. reading time":"4 minutes"},"schema":{"@context":"https:\/\/schema.org","@graph":[{"@type":"Article","@id":"https:\/\/ai.iedu.sk\/en\/ai-literacy-becomes-part-primary-education-slovakia\/#article","isPartOf":{"@id":"https:\/\/ai.iedu.sk\/en\/ai-literacy-becomes-part-primary-education-slovakia\/"},"author":{"name":"Radoslav Bato","@id":"https:\/\/ai.iedu.sk\/#\/schema\/person\/1531e20ad06be949ccd3292d773ca3d2"},"headline":"AI Literacy Becomes Part of Primary Education in Slovakia","datePublished":"2026-02-24T09:14:47+00:00","dateModified":"2026-03-16T10:38:08+00:00","mainEntityOfPage":{"@id":"https:\/\/ai.iedu.sk\/en\/ai-literacy-becomes-part-primary-education-slovakia\/"},"wordCount":2088,"image":{"@id":"https:\/\/ai.iedu.sk\/en\/ai-literacy-becomes-part-primary-education-slovakia\/#primaryimage"},"thumbnailUrl":"https:\/\/ai.iedu.sk\/wp-content\/uploads\/2026\/02\/AIkurikulumtitulna.png","articleSection":["Learning about AI","News"],"inLanguage":"en-US"},{"@type":"WebPage","@id":"https:\/\/ai.iedu.sk\/en\/ai-literacy-becomes-part-primary-education-slovakia\/","url":"https:\/\/ai.iedu.sk\/en\/ai-literacy-becomes-part-primary-education-slovakia\/","name":"AI in Education in Slovakia \u2013 AI Literacy in Primary Education","isPartOf":{"@id":"https:\/\/ai.iedu.sk\/#website"},"primaryImageOfPage":{"@id":"https:\/\/ai.iedu.sk\/en\/ai-literacy-becomes-part-primary-education-slovakia\/#primaryimage"},"image":{"@id":"https:\/\/ai.iedu.sk\/en\/ai-literacy-becomes-part-primary-education-slovakia\/#primaryimage"},"thumbnailUrl":"https:\/\/ai.iedu.sk\/wp-content\/uploads\/2026\/02\/AIkurikulumtitulna.png","datePublished":"2026-02-24T09:14:47+00:00","dateModified":"2026-03-16T10:38:08+00:00","author":{"@id":"https:\/\/ai.iedu.sk\/#\/schema\/person\/1531e20ad06be949ccd3292d773ca3d2"},"description":"The Ministry of Education is expanding the national curriculum to include AI literacy In the primary education.","breadcrumb":{"@id":"https:\/\/ai.iedu.sk\/en\/ai-literacy-becomes-part-primary-education-slovakia\/#breadcrumb"},"inLanguage":"en-US","potentialAction":[{"@type":"ReadAction","target":["https:\/\/ai.iedu.sk\/en\/ai-literacy-becomes-part-primary-education-slovakia\/"]}]},{"@type":"ImageObject","inLanguage":"en-US","@id":"https:\/\/ai.iedu.sk\/en\/ai-literacy-becomes-part-primary-education-slovakia\/#primaryimage","url":"https:\/\/ai.iedu.sk\/wp-content\/uploads\/2026\/02\/AIkurikulumtitulna.png","contentUrl":"https:\/\/ai.iedu.sk\/wp-content\/uploads\/2026\/02\/AIkurikulumtitulna.png","width":1267,"height":718,"caption":"Od marca 2026 sa umel\u00e1 inteligencia st\u00e1va s\u00fa\u010das\u0165ou z\u00e1kladn\u00e9ho vzdel\u00e1vania na Slovensku."},{"@type":"BreadcrumbList","@id":"https:\/\/ai.iedu.sk\/en\/ai-literacy-becomes-part-primary-education-slovakia\/#breadcrumb","itemListElement":[{"@type":"ListItem","position":1,"name":"Domovsk\u00e1 str\u00e1nka","item":"https:\/\/ai.iedu.sk\/en\/"},{"@type":"ListItem","position":2,"name":"AI Literacy Becomes Part of Primary Education in Slovakia"}]},{"@type":"WebSite","@id":"https:\/\/ai.iedu.sk\/#website","url":"https:\/\/ai.iedu.sk\/","name":"AI IEDU","description":"Umel\u00e1 inteligencia vo vzdel\u00e1van\u00ed","potentialAction":[{"@type":"SearchAction","target":{"@type":"EntryPoint","urlTemplate":"https:\/\/ai.iedu.sk\/?s={search_term_string}"},"query-input":{"@type":"PropertyValueSpecification","valueRequired":true,"valueName":"search_term_string"}}],"inLanguage":"en-US"},{"@type":"Person","@id":"https:\/\/ai.iedu.sk\/#\/schema\/person\/1531e20ad06be949ccd3292d773ca3d2","name":"Radoslav Bato","image":{"@type":"ImageObject","inLanguage":"en-US","@id":"https:\/\/secure.gravatar.com\/avatar\/356307cbe7232157937e6919a836f3d3de19e3b4a3edc3948260ce1fa9b958a0?s=96&d=mm&r=g","url":"https:\/\/secure.gravatar.com\/avatar\/356307cbe7232157937e6919a836f3d3de19e3b4a3edc3948260ce1fa9b958a0?s=96&d=mm&r=g","contentUrl":"https:\/\/secure.gravatar.com\/avatar\/356307cbe7232157937e6919a836f3d3de19e3b4a3edc3948260ce1fa9b958a0?s=96&d=mm&r=g","caption":"Radoslav Bato"},"sameAs":["http:\/\/minedu.sk"],"url":"https:\/\/ai.iedu.sk\/en\/author\/radoslav-bato\/"}]}},"_links":{"self":[{"href":"https:\/\/ai.iedu.sk\/en\/wp-json\/wp\/v2\/posts\/4833","targetHints":{"allow":["GET"]}}],"collection":[{"href":"https:\/\/ai.iedu.sk\/en\/wp-json\/wp\/v2\/posts"}],"about":[{"href":"https:\/\/ai.iedu.sk\/en\/wp-json\/wp\/v2\/types\/post"}],"author":[{"embeddable":true,"href":"https:\/\/ai.iedu.sk\/en\/wp-json\/wp\/v2\/users\/2"}],"replies":[{"embeddable":true,"href":"https:\/\/ai.iedu.sk\/en\/wp-json\/wp\/v2\/comments?post=4833"}],"version-history":[{"count":7,"href":"https:\/\/ai.iedu.sk\/en\/wp-json\/wp\/v2\/posts\/4833\/revisions"}],"predecessor-version":[{"id":4943,"href":"https:\/\/ai.iedu.sk\/en\/wp-json\/wp\/v2\/posts\/4833\/revisions\/4943"}],"wp:featuredmedia":[{"embeddable":true,"href":"https:\/\/ai.iedu.sk\/en\/wp-json\/wp\/v2\/media\/4253"}],"wp:attachment":[{"href":"https:\/\/ai.iedu.sk\/en\/wp-json\/wp\/v2\/media?parent=4833"}],"wp:term":[{"taxonomy":"category","embeddable":true,"href":"https:\/\/ai.iedu.sk\/en\/wp-json\/wp\/v2\/categories?post=4833"},{"taxonomy":"post_tag","embeddable":true,"href":"https:\/\/ai.iedu.sk\/en\/wp-json\/wp\/v2\/tags?post=4833"}],"curies":[{"name":"wp","href":"https:\/\/api.w.org\/{rel}","templated":true}]}}